{"id":1245,"date":"2017-01-27T11:59:11","date_gmt":"2017-01-27T14:59:11","guid":{"rendered":"https:\/\/wmw.uy\/inmobiliaria\/?p=1245"},"modified":"2017-06-01T17:27:16","modified_gmt":"2017-06-01T20:27:16","slug":"punta-del-este-todo-el-ano-en-ocean-drive-country","status":"publish","type":"post","link":"https:\/\/wmw.uy\/inmobiliaria\/punta-del-este-todo-el-ano-en-ocean-drive-country\/","title":{"rendered":"Punta del Este todo el a\u00f1o en Ocean Drive Country"},"content":{"rendered":"<h3 style=\"text-align: justify;\">Weiss Mora Weiss (WMW) invita a conocer la magia de Punta del Este durante los 365 d\u00edas del a\u00f1o con su nuevo emprendimiento Ocean Drive Country en la parada 16 de Avenida Roosvelt.<\/h3>\n<p style=\"text-align: justify;\">Clientes y amigos se reunieron en uno de los inigualables atardeceres que ofrece el balneario este\u00f1o para descubrir las novedades del proyecto. Tras degustar una variada oferta gastron\u00f3mica del m\u00e1s alto nivel, tuvieron la oportunidad de conocer algunos de los apartamentos de la torre de 20 pisos.<!--more--><\/p>\n<p style=\"text-align: justify;\">Adem\u00e1s de su excelente ubicaci\u00f3n, se encuentra equipada con toda clase de comodidades, servicios, amenidades y a un conveniente valor de mercado.<\/p>\n<h3>Fotos<\/h3>\n<div>         <\/div><style type=\"text\/css\" scoped>.rbs_gallery_69f2b554b8e70Spinner{\r\n\t\t\t\tmargin: 50px auto;\r\n\t\t\t\twidth: 50px;\r\n\t\t\t\theight: 40px;\r\n\t\t\t\ttext-align: center;\r\n\t\t\t\tfont-size: 10px;\r\n\t\t\t}\r\n\t\t\t.rbs_gallery_69f2b554b8e70Spinner > div{\r\n\t\t\t  background-color: #333;\r\n\t\t\t  height: 100%;\r\n\t\t\t  width: 6px;\r\n\t\t\t  display: inline-block;\r\n\t\t\t  -webkit-animation: rbs_gallery_69f2b554b8e70-stretchdelay 1.2s infinite ease-in-out;\r\n\t\t\t  animation: rbs_gallery_69f2b554b8e70-stretchdelay 1.2s infinite ease-in-out;\r\n\t\t\t}\r\n\t\t\t.rbs_gallery_69f2b554b8e70Spinner .rbs_gallery_69f2b554b8e70Rect2 {\r\n\t\t\t  -webkit-animation-delay: -1.1s;\r\n\t\t\t  animation-delay: -1.1s;\r\n\t\t\t}\r\n\t\t\t.rbs_gallery_69f2b554b8e70Spinner .rbs_gallery_69f2b554b8e70Rect3 {\r\n\t\t\t  -webkit-animation-delay: -1.0s;\r\n\t\t\t  animation-delay: -1.0s;\r\n\t\t\t}\r\n\t\t\t.rbs_gallery_69f2b554b8e70Spinner .rbs_gallery_69f2b554b8e70Rect4 {\r\n\t\t\t  -webkit-animation-delay: -0.9s;\r\n\t\t\t  animation-delay: -0.9s;\r\n\t\t\t}\r\n\t\t\t.rbs_gallery_69f2b554b8e70Spinner .rbs_gallery_69f2b554b8e70Rect5 {\r\n\t\t\t  -webkit-animation-delay: -0.8s;\r\n\t\t\t  animation-delay: -0.8s;\r\n\t\t\t}\r\n\t\t\t@-webkit-keyframes rbs_gallery_69f2b554b8e70-stretchdelay {\r\n\t\t\t  0%, 40%, 100% { -webkit-transform: scaleY(0.4) }  \r\n\t\t\t  20% { -webkit-transform: scaleY(1.0) }\r\n\t\t\t}\r\n\t\t\t@keyframes rbs_gallery_69f2b554b8e70-stretchdelay {\r\n\t\t\t  0%, 40%, 100% { \r\n\t\t\t    transform: scaleY(0.4);\r\n\t\t\t    -webkit-transform: scaleY(0.4);\r\n\t\t\t  }  20% { \r\n\t\t\t    transform: scaleY(1.0);\r\n\t\t\t    -webkit-transform: scaleY(1.0);\r\n\t\t\t  }\r\n\t\t\t}\r\n\t\t<\/style><div class=\"robo-gallery-wrap robo-gallery-wrap-id1270 robo-gallery-\" ><div id=\"rbs_gallery_69f2b554b8e70-block-loader\" class=\"rbs_gallery_69f2b554b8e70Spinner\"><div class=\"rbs_gallery_69f2b554b8e70Rect1\"><\/div> <div class=\"rbs_gallery_69f2b554b8e70Rect2\"><\/div> <div class=\"rbs_gallery_69f2b554b8e70Rect3\"><\/div> <div class=\"rbs_gallery_69f2b554b8e70Rect4\"><\/div> <div class=\"rbs_gallery_69f2b554b8e70Rect5\"><\/div><\/div><div class=\"rbs_gallery_button  rbs_gallery_align_left\" id=\"rbs_gallery_69f2b554b8e70filter\" style=\" display: none;\" ><\/div><div id=\"robo_gallery_main_block_rbs_gallery_69f2b554b8e70\" class=\"robogallery-gallery-1270\" style=\"width:100%;  display: none;\"><div id=\"rbs_gallery_69f2b554b8e70\" data-options=\"rbs_gallery_69f2b554b8e70\" style=\"width:100%;\" class=\"robo_gallery  \"><div class=\"rbs-img  category1270 \" ><div class=\"rbs-img-image   rbs-lightbox \" ><div class=\"rbs-img-thumbs\"  data-thumbnail=\"https:\/\/wmw.uy\/inmobiliaria\/wp-content\/uploads\/sites\/2\/2017\/01\/ocean-drive-country-puntadeleste-2-300x183.jpg\"  title=\"ocean-drive-country-puntadeleste-2\"  data-width=\"300\"  data-height=\"183\" ><\/div><div class=\"rbs-img-data-popup\"  data-popup=\"https:\/\/wmw.uy\/inmobiliaria\/wp-content\/uploads\/sites\/2\/2017\/01\/ocean-drive-country-puntadeleste-2.jpg\"  title=\"Odil Scheitler, Carlos Ver\u00edssimo.\" ><\/div><div class=\"thumbnail-overlay\"><div class=\"rbsIcons\"><i class=\"fa fa-search-plus rbsZoomIcon \" ><\/i><\/div><\/div><\/div><\/div><div class=\"rbs-img  category1270 \" ><div class=\"rbs-img-image   rbs-lightbox \" ><div class=\"rbs-img-thumbs\"  data-thumbnail=\"https:\/\/wmw.uy\/inmobiliaria\/wp-content\/uploads\/sites\/2\/2017\/01\/ocean-drive-country-puntadeleste-3-300x183.jpg\"  title=\"ocean-drive-country-puntadeleste-3\"  data-width=\"300\"  data-height=\"183\" ><\/div><div class=\"rbs-img-data-popup\"  data-popup=\"https:\/\/wmw.uy\/inmobiliaria\/wp-content\/uploads\/sites\/2\/2017\/01\/ocean-drive-country-puntadeleste-3.jpg\"  title=\"Mar\u00eda Laura Guisado, Aixa Barbero.\" ><\/div><div class=\"thumbnail-overlay\"><div class=\"rbsIcons\"><i class=\"fa fa-search-plus rbsZoomIcon \" ><\/i><\/div><\/div><\/div><\/div><div class=\"rbs-img  category1270 \" ><div class=\"rbs-img-image   rbs-lightbox \" ><div class=\"rbs-img-thumbs\"  data-thumbnail=\"https:\/\/wmw.uy\/inmobiliaria\/wp-content\/uploads\/sites\/2\/2017\/01\/ocean-drive-country-puntadeleste-4-300x183.jpg\"  title=\"ocean-drive-country-puntadeleste-4\"  data-width=\"300\"  data-height=\"183\" ><\/div><div class=\"rbs-img-data-popup\"  data-popup=\"https:\/\/wmw.uy\/inmobiliaria\/wp-content\/uploads\/sites\/2\/2017\/01\/ocean-drive-country-puntadeleste-4.jpg\"  title=\"Lercy Saavedra, Karina Olhaberriet.\" ><\/div><div class=\"thumbnail-overlay\"><div class=\"rbsIcons\"><i class=\"fa fa-search-plus rbsZoomIcon \" ><\/i><\/div><\/div><\/div><\/div><div class=\"rbs-img  category1270 \" ><div class=\"rbs-img-image   rbs-lightbox \" ><div class=\"rbs-img-thumbs\"  data-thumbnail=\"https:\/\/wmw.uy\/inmobiliaria\/wp-content\/uploads\/sites\/2\/2017\/01\/ocean-drive-country-puntadeleste-5-300x183.jpg\"  title=\"ocean-drive-country-puntadeleste-5\"  data-width=\"300\"  data-height=\"183\" ><\/div><div class=\"rbs-img-data-popup\"  data-popup=\"https:\/\/wmw.uy\/inmobiliaria\/wp-content\/uploads\/sites\/2\/2017\/01\/ocean-drive-country-puntadeleste-5.jpg\"  title=\"Marina Pisaco, Adrian Ventura, Carolina Weiss.\" ><\/div><div class=\"thumbnail-overlay\"><div class=\"rbsIcons\"><i class=\"fa fa-search-plus rbsZoomIcon \" ><\/i><\/div><\/div><\/div><\/div><div class=\"rbs-img  category1270 \" ><div class=\"rbs-img-image   rbs-lightbox \" ><div class=\"rbs-img-thumbs\"  data-thumbnail=\"https:\/\/wmw.uy\/inmobiliaria\/wp-content\/uploads\/sites\/2\/2017\/01\/ocean-drive-country-puntadeleste-6-300x183.jpg\"  title=\"ocean-drive-country-puntadeleste-6\"  data-width=\"300\"  data-height=\"183\" ><\/div><div class=\"rbs-img-data-popup\"  data-popup=\"https:\/\/wmw.uy\/inmobiliaria\/wp-content\/uploads\/sites\/2\/2017\/01\/ocean-drive-country-puntadeleste-6.jpg\"  title=\"Ezequiel y Florencia Garc\u00eda.\" ><\/div><div class=\"thumbnail-overlay\"><div class=\"rbsIcons\"><i class=\"fa fa-search-plus rbsZoomIcon \" ><\/i><\/div><\/div><\/div><\/div><div class=\"rbs-img  category1270 \" ><div class=\"rbs-img-image   rbs-lightbox \" ><div class=\"rbs-img-thumbs\"  data-thumbnail=\"https:\/\/wmw.uy\/inmobiliaria\/wp-content\/uploads\/sites\/2\/2017\/01\/ocean-drive-country-puntadeleste-7-300x183.jpg\"  title=\"ocean-drive-country-puntadeleste-7\"  data-width=\"300\"  data-height=\"183\" ><\/div><div class=\"rbs-img-data-popup\"  data-popup=\"https:\/\/wmw.uy\/inmobiliaria\/wp-content\/uploads\/sites\/2\/2017\/01\/ocean-drive-country-puntadeleste-7.jpg\"  title=\"Paula Lorenzi, Victoria y Alejandro Lacordelle.\" ><\/div><div class=\"thumbnail-overlay\"><div class=\"rbsIcons\"><i class=\"fa fa-search-plus rbsZoomIcon \" ><\/i><\/div><\/div><\/div><\/div><div class=\"rbs-img  category1270 \" ><div class=\"rbs-img-image   rbs-lightbox \" ><div class=\"rbs-img-thumbs\"  data-thumbnail=\"https:\/\/wmw.uy\/inmobiliaria\/wp-content\/uploads\/sites\/2\/2017\/01\/ocean-drive-country-puntadeleste-8-300x183.jpg\"  title=\"ocean-drive-country-puntadeleste-8\"  data-width=\"300\"  data-height=\"183\" ><\/div><div class=\"rbs-img-data-popup\"  data-popup=\"https:\/\/wmw.uy\/inmobiliaria\/wp-content\/uploads\/sites\/2\/2017\/01\/ocean-drive-country-puntadeleste-8.jpg\"  title=\"Carlos y Constanza Segarra, Luciana Yavarone.\" ><\/div><div class=\"thumbnail-overlay\"><div class=\"rbsIcons\"><i class=\"fa fa-search-plus rbsZoomIcon \" ><\/i><\/div><\/div><\/div><\/div><div class=\"rbs-img  category1270 \" ><div class=\"rbs-img-image   rbs-lightbox \" ><div class=\"rbs-img-thumbs\"  data-thumbnail=\"https:\/\/wmw.uy\/inmobiliaria\/wp-content\/uploads\/sites\/2\/2017\/01\/ocean-drive-country-puntadeleste-9-300x183.jpg\"  title=\"ocean-drive-country-puntadeleste-9\"  data-width=\"300\"  data-height=\"183\" ><\/div><div class=\"rbs-img-data-popup\"  data-popup=\"https:\/\/wmw.uy\/inmobiliaria\/wp-content\/uploads\/sites\/2\/2017\/01\/ocean-drive-country-puntadeleste-9.jpg\"  title=\"Juan Pablo Parolin, Diego F\u00e1vrega, Cecilia Curvelo, Nana Lavagna.\" ><\/div><div class=\"thumbnail-overlay\"><div class=\"rbsIcons\"><i class=\"fa fa-search-plus rbsZoomIcon \" ><\/i><\/div><\/div><\/div><\/div><div class=\"rbs-img  category1270 \" ><div class=\"rbs-img-image   rbs-lightbox \" ><div class=\"rbs-img-thumbs\"  data-thumbnail=\"https:\/\/wmw.uy\/inmobiliaria\/wp-content\/uploads\/sites\/2\/2017\/01\/ocean-drive-country-puntadeleste-10-300x183.jpg\"  title=\"ocean-drive-country-puntadeleste-10\"  data-width=\"300\"  data-height=\"183\" ><\/div><div class=\"rbs-img-data-popup\"  data-popup=\"https:\/\/wmw.uy\/inmobiliaria\/wp-content\/uploads\/sites\/2\/2017\/01\/ocean-drive-country-puntadeleste-10.jpg\"  title=\"Paula P\u00e9rez, V\u00edctor S\u00e1nchez.\" ><\/div><div class=\"thumbnail-overlay\"><div class=\"rbsIcons\"><i class=\"fa fa-search-plus rbsZoomIcon \" ><\/i><\/div><\/div><\/div><\/div><div class=\"rbs-img  category1270 \" ><div class=\"rbs-img-image   rbs-lightbox \" ><div class=\"rbs-img-thumbs\"  data-thumbnail=\"https:\/\/wmw.uy\/inmobiliaria\/wp-content\/uploads\/sites\/2\/2017\/01\/ocean-drive-country-puntadeleste-11-300x183.jpg\"  title=\"ocean-drive-country-puntadeleste-11\"  data-width=\"300\"  data-height=\"183\" ><\/div><div class=\"rbs-img-data-popup\"  data-popup=\"https:\/\/wmw.uy\/inmobiliaria\/wp-content\/uploads\/sites\/2\/2017\/01\/ocean-drive-country-puntadeleste-11.jpg\"  title=\"Fernando Galatro Balmaceda, Gustavo Balmaceda, Marilyn y Eduardo Trilla.\" ><\/div><div class=\"thumbnail-overlay\"><div class=\"rbsIcons\"><i class=\"fa fa-search-plus rbsZoomIcon \" ><\/i><\/div><\/div><\/div><\/div><div class=\"rbs-img  category1270 \" ><div class=\"rbs-img-image   rbs-lightbox \" ><div class=\"rbs-img-thumbs\"  data-thumbnail=\"https:\/\/wmw.uy\/inmobiliaria\/wp-content\/uploads\/sites\/2\/2017\/01\/ocean-drive-country-puntadeleste-12-300x183.jpg\"  title=\"ocean-drive-country-puntadeleste-12\"  data-width=\"300\"  data-height=\"183\" ><\/div><div class=\"rbs-img-data-popup\"  data-popup=\"https:\/\/wmw.uy\/inmobiliaria\/wp-content\/uploads\/sites\/2\/2017\/01\/ocean-drive-country-puntadeleste-12.jpg\"  title=\"Felipe Mendive, Daniel Saponari.\" ><\/div><div class=\"thumbnail-overlay\"><div class=\"rbsIcons\"><i class=\"fa fa-search-plus rbsZoomIcon \" ><\/i><\/div><\/div><\/div><\/div><div class=\"rbs-img  category1270 \" ><div class=\"rbs-img-image   rbs-lightbox \" ><div class=\"rbs-img-thumbs\"  data-thumbnail=\"https:\/\/wmw.uy\/inmobiliaria\/wp-content\/uploads\/sites\/2\/2017\/01\/ocean-drive-country-puntadeleste-13-300x183.jpg\"  title=\"ocean-drive-country-puntadeleste-13\"  data-width=\"300\"  data-height=\"183\" ><\/div><div class=\"rbs-img-data-popup\"  data-popup=\"https:\/\/wmw.uy\/inmobiliaria\/wp-content\/uploads\/sites\/2\/2017\/01\/ocean-drive-country-puntadeleste-13.jpg\"  title=\"Carolina Sureda, Carlos Garc\u00eda.\" ><\/div><div class=\"thumbnail-overlay\"><div class=\"rbsIcons\"><i class=\"fa fa-search-plus rbsZoomIcon \" ><\/i><\/div><\/div><\/div><\/div><div class=\"rbs-img  category1270 \" ><div class=\"rbs-img-image   rbs-lightbox \" ><div class=\"rbs-img-thumbs\"  data-thumbnail=\"https:\/\/wmw.uy\/inmobiliaria\/wp-content\/uploads\/sites\/2\/2017\/01\/ocean-drive-country-puntadeleste-14-300x183.jpg\"  title=\"ocean-drive-country-puntadeleste-14\"  data-width=\"300\"  data-height=\"183\" ><\/div><div class=\"rbs-img-data-popup\"  data-popup=\"https:\/\/wmw.uy\/inmobiliaria\/wp-content\/uploads\/sites\/2\/2017\/01\/ocean-drive-country-puntadeleste-14.jpg\"  title=\"Jorge Bzurovski, Felipe y Florencia Mari\u00f1ansky.\" ><\/div><div class=\"thumbnail-overlay\"><div class=\"rbsIcons\"><i class=\"fa fa-search-plus rbsZoomIcon \" ><\/i><\/div><\/div><\/div><\/div><div class=\"rbs-img  category1270 \" ><div class=\"rbs-img-image   rbs-lightbox \" ><div class=\"rbs-img-thumbs\"  data-thumbnail=\"https:\/\/wmw.uy\/inmobiliaria\/wp-content\/uploads\/sites\/2\/2017\/01\/ocean-drive-country-puntadeleste-15-300x183.jpg\"  title=\"ocean-drive-country-puntadeleste-15\"  data-width=\"300\"  data-height=\"183\" ><\/div><div class=\"rbs-img-data-popup\"  data-popup=\"https:\/\/wmw.uy\/inmobiliaria\/wp-content\/uploads\/sites\/2\/2017\/01\/ocean-drive-country-puntadeleste-15.jpg\"  title=\"Daniel Tambolini, Adriana Zabalegui.\" ><\/div><div class=\"thumbnail-overlay\"><div class=\"rbsIcons\"><i class=\"fa fa-search-plus rbsZoomIcon \" ><\/i><\/div><\/div><\/div><\/div><div class=\"rbs-img  category1270 \" ><div class=\"rbs-img-image   rbs-lightbox \" ><div class=\"rbs-img-thumbs\"  data-thumbnail=\"https:\/\/wmw.uy\/inmobiliaria\/wp-content\/uploads\/sites\/2\/2017\/01\/ocean-drive-country-puntadeleste-1-300x183.jpg\"  title=\"ocean-drive-country-puntadeleste-1\"  data-width=\"300\"  data-height=\"183\" ><\/div><div class=\"rbs-img-data-popup\"  data-popup=\"https:\/\/wmw.uy\/inmobiliaria\/wp-content\/uploads\/sites\/2\/2017\/01\/ocean-drive-country-puntadeleste-1.jpg\"  title=\"Daniel Weiss, Cristina Mondillo, Ricardo Weiss.\" ><\/div><div class=\"thumbnail-overlay\"><div class=\"rbsIcons\"><i class=\"fa fa-search-plus rbsZoomIcon \" ><\/i><\/div><\/div><\/div><\/div><\/div><\/div><\/div><script>var rbs_gallery_69f2b554b8e70 = {\"version\":\"5.1.0\",\"id\":1270,\"class\":\"id1270\",\"roboGalleryDelay\":1000,\"mainContainer\":\"#robo_gallery_main_block_rbs_gallery_69f2b554b8e70\",\"loadingContainer\":\"#rbs_gallery_69f2b554b8e70-block-loader\",\"loadingContainerObj\":\"rbs_gallery_69f2b554b8e70-block-loader\",\"columnWidth\":\"auto\",\"columns\":3,\"resolutions\":[{\"columnWidth\":\"auto\",\"columns\":3,\"maxWidth\":960},{\"columnWidth\":\"auto\",\"columns\":2,\"maxWidth\":650},{\"columnWidth\":\"auto\",\"columns\":1,\"maxWidth\":450}],\"lightboxOptions\":{\"gallery\":{\"enabled\":true,\"tCounter\":\"%curr%  of  %total%\"}},\"overlayEffect\":\"direction-aware-fade\",\"boxesToLoadStart\":15,\"boxesToLoad\":12,\"waitUntilThumbLoads\":1,\"LoadingWord\":\"Leyendo...\",\"loadMoreWord\":\"Leer M\\u00e1s\",\"noMoreEntriesWord\":\"No hay m\\u00e1s entradas\",\"horizontalSpaceBetweenBoxes\":15,\"verticalSpaceBetweenBoxes\":15,\"lazyLoad\":1,\"wrapContainer\":\"#robo-gallery-wrap-rbs_gallery_69f2b554b8e70\",\"filterContainer\":\"#rbs_gallery_69f2b554b8e70filter\",\"loadMoreClass\":\"button-border-caution \"};<\/script><div>         <\/div> <script type=\"text\/javascript\" src=\"https:\/\/wmw.uy\/inmobiliaria\/wp-content\/plugins\/robo-gallery\/js\/robo_gallery_alt.js\"><\/script><link id=\"gallery\" rel=\"stylesheet\" type=\"text\/css\" href=\"https:\/\/wmw.uy\/inmobiliaria\/wp-content\/plugins\/robo-gallery\/css\/gallery.css\"><link id=\"font\" rel=\"stylesheet\" type=\"text\/css\" href=\"https:\/\/wmw.uy\/inmobiliaria\/wp-content\/plugins\/robo-gallery\/css\/gallery.font.css\">\n<p>Fuente: El Pa\u00eds<\/p>\n","protected":false},"excerpt":{"rendered":"<h3 style=\"text-align: left;\">Weiss Mora Weiss (WMW) invita a conocer la magia de Punta del Este durante los 365 d\u00edas del a\u00f1o con su nuevo emprendimiento Ocean Drive Country en la parada 16 de Avenida Roosvelt.<\/h3>\n","protected":false},"author":7,"featured_media":1247,"comment_status":"closed","ping_status":"closed","sticky":false,"template":"","format":"standard","meta":{"inline_featured_image":false,"_monsterinsights_skip_tracking":false,"_monsterinsights_sitenote_active":false,"_monsterinsights_sitenote_note":"","_monsterinsights_sitenote_category":0,"_joinchat":[],"footnotes":""},"categories":[106,108,107],"tags":[],"class_list":["post-1245","post","type-post","status-publish","format-standard","has-post-thumbnail","hentry","category-inversiones","category-proyectos","category-punta-del-este"],"_links":{"self":[{"href":"https:\/\/wmw.uy\/inmobiliaria\/wp-json\/wp\/v2\/posts\/1245","targetHints":{"allow":["GET"]}}],"collection":[{"href":"https:\/\/wmw.uy\/inmobiliaria\/wp-json\/wp\/v2\/posts"}],"about":[{"href":"https:\/\/wmw.uy\/inmobiliaria\/wp-json\/wp\/v2\/types\/post"}],"author":[{"embeddable":true,"href":"https:\/\/wmw.uy\/inmobiliaria\/wp-json\/wp\/v2\/users\/7"}],"replies":[{"embeddable":true,"href":"https:\/\/wmw.uy\/inmobiliaria\/wp-json\/wp\/v2\/comments?post=1245"}],"version-history":[{"count":6,"href":"https:\/\/wmw.uy\/inmobiliaria\/wp-json\/wp\/v2\/posts\/1245\/revisions"}],"predecessor-version":[{"id":1311,"href":"https:\/\/wmw.uy\/inmobiliaria\/wp-json\/wp\/v2\/posts\/1245\/revisions\/1311"}],"wp:featuredmedia":[{"embeddable":true,"href":"https:\/\/wmw.uy\/inmobiliaria\/wp-json\/wp\/v2\/media\/1247"}],"wp:attachment":[{"href":"https:\/\/wmw.uy\/inmobiliaria\/wp-json\/wp\/v2\/media?parent=1245"}],"wp:term":[{"taxonomy":"category","embeddable":true,"href":"https:\/\/wmw.uy\/inmobiliaria\/wp-json\/wp\/v2\/categories?post=1245"},{"taxonomy":"post_tag","embeddable":true,"href":"https:\/\/wmw.uy\/inmobiliaria\/wp-json\/wp\/v2\/tags?post=1245"}],"curies":[{"name":"wp","href":"https:\/\/api.w.org\/{rel}","templated":true}]}}